{"id":9,"date":"2024-01-22T13:08:55","date_gmt":"2024-01-22T12:08:55","guid":{"rendered":"http:\/\/bandaveracruz.es\/?p=9"},"modified":"2024-01-22T13:08:55","modified_gmt":"2024-01-22T12:08:55","slug":"banda-de-musica-veracruz-estepona-6","status":"publish","type":"post","link":"https:\/\/bandaveracruz.es\/?p=9","title":{"rendered":"Banda de M\u00fasica Vera+Cruz Estepona"},"content":{"rendered":"<p>La Banda de M\u00fasica Vera+Cruz Estepona es una agrupaci\u00f3n musical con una larga trayectoria en la localidad de Estepona, en la Costa del Sol de Espa\u00f1a. Fundada en el a\u00f1o 1987, esta banda se ha convertido en un referente cultural y musical en la zona.<\/p>\n<p>La Banda de M\u00fasica Vera+Cruz Estepona est\u00e1 compuesta por m\u00fasicos de diferentes edades y niveles de experiencia, desde j\u00f3venes estudiantes hasta profesionales. Su objetivo principal es promover y difundir la m\u00fasica, en especial la m\u00fasica procesional y la m\u00fasica tradicional andaluza.<\/p>\n<p>Uno de los aspectos m\u00e1s destacados de la Banda de M\u00fasica Vera+Cruz Estepona es su participaci\u00f3n en las procesiones de Semana Santa. Cada a\u00f1o, la banda acompa\u00f1a a las diferentes cofrad\u00edas de la localidad, interpretando marchas procesionales que crean una atm\u00f3sfera \u00fanica y emotiva durante los desfiles.<\/p>\n<p>Adem\u00e1s de su participaci\u00f3n en la Semana Santa, la banda realiza conciertos y actuaciones en diferentes eventos y festividades a lo largo del a\u00f1o. Su repertorio incluye una amplia variedad de g\u00e9neros musicales, desde m\u00fasica cl\u00e1sica y contempor\u00e1nea hasta m\u00fasica popular y folkl\u00f3rica.<\/p>\n<p>La Banda de M\u00fasica Vera+Cruz Estepona tambi\u00e9n se involucra en la formaci\u00f3n musical de j\u00f3venes talentos. A trav\u00e9s de su escuela de m\u00fasica, ofrecen clases de instrumentos y solfeo a ni\u00f1os y j\u00f3venes interesados en aprender m\u00fasica. Esta iniciativa contribuye al desarrollo cultural de la comunidad y fomenta el amor por la m\u00fasica en las nuevas generaciones.<\/p>\n<p>Para mantenerse actualizada y adaptarse a las nuevas tendencias musicales, la Banda de M\u00fasica Vera+Cruz Estepona tambi\u00e9n incorpora en su repertorio arreglos de m\u00fasica contempor\u00e1nea y pop. De esta manera, logran conectar con un p\u00fablico m\u00e1s amplio y diverso, manteniendo siempre la esencia y la calidad musical que les caracteriza.<\/p>\n<p>En resumen, la Banda de M\u00fasica Vera+Cruz Estepona es una agrupaci\u00f3n musical con una destacada trayectoria en la localidad de Estepona. Su participaci\u00f3n en la Semana Santa, su compromiso con la formaci\u00f3n musical y su versatilidad en el repertorio la convierten en un referente cultural en la zona. Si tienes la oportunidad, no te pierdas la oportunidad de disfrutar de sus actuaciones y sumergirte en el maravilloso mundo de la m\u00fasica.<\/p>\n","protected":false},"excerpt":{"rendered":"<p>La Banda de M\u00fasica Vera+Cruz Estepona es una agrupaci\u00f3n musical con una larga trayectoria en la localidad de Estepona, en [&hellip;]<\/p>\n","protected":false},"author":1,"featured_media":0,"comment_status":"open","ping_status":"open","sticky":false,"template":"","format":"standard","meta":{"site-sidebar-layout":"default","site-content-layout":"","ast-site-content-layout":"default","site-content-style":"default","site-sidebar-style":"default","ast-global-header-display":"","ast-banner-title-visibility":"","ast-main-header-display":"","ast-hfb-above-header-display":"","ast-hfb-below-header-display":"","ast-hfb-mobile-header-display":"","site-post-title":"","ast-breadcrumbs-content":"","ast-featured-img":"","footer-sml-layout":"","ast-disable-related-posts":"","theme-transparent-header-meta":"","adv-header-id-meta":"","stick-header-meta":"","header-above-stick-meta":"","header-main-stick-meta":"","header-below-stick-meta":"","astra-migrate-meta-layouts":"default","ast-page-background-enabled":"default","ast-page-background-meta":{"desktop":{"background-color":"var(--ast-global-color-4)","background-image":"","background-repeat":"repeat","background-position":"center center","background-size":"auto","background-attachment":"scroll","background-type":"","background-media":"","overlay-type":"","overlay-color":"","overlay-opacity":"","overlay-gradient":""},"tablet":{"background-color":"","background-image":"","background-repeat":"repeat","background-position":"center center","background-size":"auto","background-attachment":"scroll","background-type":"","background-media":"","overlay-type":"","overlay-color":"","overlay-opacity":"","overlay-gradient":""},"mobile":{"background-color":"","background-image":"","background-repeat":"repeat","background-position":"center center","background-size":"auto","background-attachment":"scroll","background-type":"","background-media":"","overlay-type":"","overlay-color":"","overlay-opacity":"","overlay-gradient":""}},"ast-content-background-meta":{"desktop":{"background-color":"var(--ast-global-color-5)","background-image":"","background-repeat":"repeat","background-position":"center center","background-size":"auto","background-attachment":"scroll","background-type":"","background-media":"","overlay-type":"","overlay-color":"","overlay-opacity":"","overlay-gradient":""},"tablet":{"background-color":"var(--ast-global-color-5)","background-image":"","background-repeat":"repeat","background-position":"center center","background-size":"auto","background-attachment":"scroll","background-type":"","background-media":"","overlay-type":"","overlay-color":"","overlay-opacity":"","overlay-gradient":""},"mobile":{"background-color":"var(--ast-global-color-5)","background-image":"","background-repeat":"repeat","background-position":"center center","background-size":"auto","background-attachment":"scroll","background-type":"","background-media":"","overlay-type":"","overlay-color":"","overlay-opacity":"","overlay-gradient":""}},"footnotes":""},"categories":[1],"tags":[],"_links":{"self":[{"href":"https:\/\/bandaveracruz.es\/index.php?rest_route=\/wp\/v2\/posts\/9"}],"collection":[{"href":"https:\/\/bandaveracruz.es\/index.php?rest_route=\/wp\/v2\/posts"}],"about":[{"href":"https:\/\/bandaveracruz.es\/index.php?rest_route=\/wp\/v2\/types\/post"}],"author":[{"embeddable":true,"href":"https:\/\/bandaveracruz.es\/index.php?rest_route=\/wp\/v2\/users\/1"}],"replies":[{"embeddable":true,"href":"https:\/\/bandaveracruz.es\/index.php?rest_route=%2Fwp%2Fv2%2Fcomments&post=9"}],"version-history":[{"count":0,"href":"https:\/\/bandaveracruz.es\/index.php?rest_route=\/wp\/v2\/posts\/9\/revisions"}],"wp:attachment":[{"href":"https:\/\/bandaveracruz.es\/index.php?rest_route=%2Fwp%2Fv2%2Fmedia&parent=9"}],"wp:term":[{"taxonomy":"category","embeddable":true,"href":"https:\/\/bandaveracruz.es\/index.php?rest_route=%2Fwp%2Fv2%2Fcategories&post=9"},{"taxonomy":"post_tag","embeddable":true,"href":"https:\/\/bandaveracruz.es\/index.php?rest_route=%2Fwp%2Fv2%2Ftags&post=9"}],"curies":[{"name":"wp","href":"https:\/\/api.w.org\/{rel}","templated":true}]}}