{"id":8,"date":"2024-01-22T13:08:53","date_gmt":"2024-01-22T12:08:53","guid":{"rendered":"http:\/\/bandaveracruz.es\/?p=8"},"modified":"2024-01-22T13:08:53","modified_gmt":"2024-01-22T12:08:53","slug":"banda-de-musica-veracruz-estepona-5","status":"publish","type":"post","link":"https:\/\/bandaveracruz.es\/?p=8","title":{"rendered":"Banda de M\u00fasica Vera+Cruz Estepona"},"content":{"rendered":"<p>La Banda de M\u00fasica Vera+Cruz Estepona es una agrupaci\u00f3n musical con una larga tradici\u00f3n en la localidad de Estepona, en la provincia de M\u00e1laga, Espa\u00f1a. Fundada en el a\u00f1o XXXX, la banda ha sido un referente cultural y musical en la zona, participando en numerosos eventos y celebraciones tanto a nivel local como nacional.<\/p>\n<p>La Banda de M\u00fasica Vera+Cruz Estepona cuenta con una amplia plantilla de m\u00fasicos, todos ellos apasionados por la m\u00fasica y comprometidos con la difusi\u00f3n y promoci\u00f3n de este arte. Su repertorio abarca diferentes estilos y g\u00e9neros musicales, desde m\u00fasica cl\u00e1sica hasta m\u00fasica contempor\u00e1nea, pasando por piezas tradicionales y populares.<\/p>\n<p>Uno de los aspectos m\u00e1s destacados de la Banda de M\u00fasica Vera+Cruz Estepona es su participaci\u00f3n en la Semana Santa de Estepona. Durante esta festividad religiosa, la banda acompa\u00f1a a las distintas hermandades en sus procesiones, interpretando marchas procesionales y creando un ambiente musical \u00fanico y emotivo. Su presencia en la Semana Santa de Estepona es muy apreciada por los habitantes de la localidad y por los visitantes que acuden a presenciar estas celebraciones.<\/p>\n<p>Adem\u00e1s de su participaci\u00f3n en la Semana Santa, la Banda de M\u00fasica Vera+Cruz Estepona ofrece conciertos y actuaciones en diferentes eventos a lo largo del a\u00f1o. Estos conciertos son una oportunidad para que los amantes de la m\u00fasica disfruten de interpretaciones de alta calidad y para que la banda comparta su pasi\u00f3n por la m\u00fasica con el p\u00fablico.<\/p>\n<p>La Banda de M\u00fasica Vera+Cruz Estepona tambi\u00e9n ha participado en diversos cert\u00e1menes y concursos a nivel nacional, obteniendo reconocimientos y premios por su talento y dedicaci\u00f3n. Estas participaciones han contribuido a consolidar la reputaci\u00f3n de la banda y a posicionarla como una de las agrupaciones musicales m\u00e1s destacadas de la regi\u00f3n.<\/p>\n<p>Para formar parte de la Banda de M\u00fasica Vera+Cruz Estepona, es necesario tener conocimientos musicales y pasar por un proceso de selecci\u00f3n. La banda ofrece clases de m\u00fasica y formaci\u00f3n a aquellos que deseen aprender a tocar un instrumento o mejorar sus habilidades musicales. Adem\u00e1s, la banda cuenta con una escuela de m\u00fasica donde se imparten clases a ni\u00f1os y j\u00f3venes interesados en la m\u00fasica.<\/p>\n<p>En resumen, la Banda de M\u00fasica Vera+Cruz Estepona es una agrupaci\u00f3n musical con una larga trayectoria en la localidad de Estepona. Su compromiso con la m\u00fasica y su participaci\u00f3n en eventos como la Semana Santa la convierten en un referente cultural en la zona. Si eres amante de la m\u00fasica, no puedes dejar de disfrutar de los conciertos y actuaciones de esta talentosa banda.<\/p>\n","protected":false},"excerpt":{"rendered":"<p>La Banda de M\u00fasica Vera+Cruz Estepona es una agrupaci\u00f3n musical con una larga tradici\u00f3n en la localidad de Estepona, en [&hellip;]<\/p>\n","protected":false},"author":1,"featured_media":0,"comment_status":"open","ping_status":"open","sticky":false,"template":"","format":"standard","meta":{"site-sidebar-layout":"default","site-content-layout":"","ast-site-content-layout":"default","site-content-style":"default","site-sidebar-style":"default","ast-global-header-display":"","ast-banner-title-visibility":"","ast-main-header-display":"","ast-hfb-above-header-display":"","ast-hfb-below-header-display":"","ast-hfb-mobile-header-display":"","site-post-title":"","ast-breadcrumbs-content":"","ast-featured-img":"","footer-sml-layout":"","ast-disable-related-posts":"","theme-transparent-header-meta":"","adv-header-id-meta":"","stick-header-meta":"","header-above-stick-meta":"","header-main-stick-meta":"","header-below-stick-meta":"","astra-migrate-meta-layouts":"default","ast-page-background-enabled":"default","ast-page-background-meta":{"desktop":{"background-color":"var(--ast-global-color-4)","background-image":"","background-repeat":"repeat","background-position":"center center","background-size":"auto","background-attachment":"scroll","background-type":"","background-media":"","overlay-type":"","overlay-color":"","overlay-opacity":"","overlay-gradient":""},"tablet":{"background-color":"","background-image":"","background-repeat":"repeat","background-position":"center center","background-size":"auto","background-attachment":"scroll","background-type":"","background-media":"","overlay-type":"","overlay-color":"","overlay-opacity":"","overlay-gradient":""},"mobile":{"background-color":"","background-image":"","background-repeat":"repeat","background-position":"center center","background-size":"auto","background-attachment":"scroll","background-type":"","background-media":"","overlay-type":"","overlay-color":"","overlay-opacity":"","overlay-gradient":""}},"ast-content-background-meta":{"desktop":{"background-color":"var(--ast-global-color-5)","background-image":"","background-repeat":"repeat","background-position":"center center","background-size":"auto","background-attachment":"scroll","background-type":"","background-media":"","overlay-type":"","overlay-color":"","overlay-opacity":"","overlay-gradient":""},"tablet":{"background-color":"var(--ast-global-color-5)","background-image":"","background-repeat":"repeat","background-position":"center center","background-size":"auto","background-attachment":"scroll","background-type":"","background-media":"","overlay-type":"","overlay-color":"","overlay-opacity":"","overlay-gradient":""},"mobile":{"background-color":"var(--ast-global-color-5)","background-image":"","background-repeat":"repeat","background-position":"center center","background-size":"auto","background-attachment":"scroll","background-type":"","background-media":"","overlay-type":"","overlay-color":"","overlay-opacity":"","overlay-gradient":""}},"footnotes":""},"categories":[1],"tags":[],"_links":{"self":[{"href":"https:\/\/bandaveracruz.es\/index.php?rest_route=\/wp\/v2\/posts\/8"}],"collection":[{"href":"https:\/\/bandaveracruz.es\/index.php?rest_route=\/wp\/v2\/posts"}],"about":[{"href":"https:\/\/bandaveracruz.es\/index.php?rest_route=\/wp\/v2\/types\/post"}],"author":[{"embeddable":true,"href":"https:\/\/bandaveracruz.es\/index.php?rest_route=\/wp\/v2\/users\/1"}],"replies":[{"embeddable":true,"href":"https:\/\/bandaveracruz.es\/index.php?rest_route=%2Fwp%2Fv2%2Fcomments&post=8"}],"version-history":[{"count":0,"href":"https:\/\/bandaveracruz.es\/index.php?rest_route=\/wp\/v2\/posts\/8\/revisions"}],"wp:attachment":[{"href":"https:\/\/bandaveracruz.es\/index.php?rest_route=%2Fwp%2Fv2%2Fmedia&parent=8"}],"wp:term":[{"taxonomy":"category","embeddable":true,"href":"https:\/\/bandaveracruz.es\/index.php?rest_route=%2Fwp%2Fv2%2Fcategories&post=8"},{"taxonomy":"post_tag","embeddable":true,"href":"https:\/\/bandaveracruz.es\/index.php?rest_route=%2Fwp%2Fv2%2Ftags&post=8"}],"curies":[{"name":"wp","href":"https:\/\/api.w.org\/{rel}","templated":true}]}}