{"id":7,"date":"2024-01-22T13:05:59","date_gmt":"2024-01-22T12:05:59","guid":{"rendered":"http:\/\/bandaveracruz.es\/?p=7"},"modified":"2024-01-22T13:05:59","modified_gmt":"2024-01-22T12:05:59","slug":"banda-de-musica-veracruz-estepona-4","status":"publish","type":"post","link":"https:\/\/bandaveracruz.es\/?p=7","title":{"rendered":"Banda de M\u00fasica Vera+Cruz Estepona"},"content":{"rendered":"<p>La Banda de M\u00fasica Vera+Cruz Estepona es una agrupaci\u00f3n musical con una larga trayectoria en la localidad de Estepona, en la provincia de M\u00e1laga, Espa\u00f1a. Fundada en el a\u00f1o XXXX, esta banda se ha convertido en una referencia cultural en la zona, ofreciendo conciertos y participando en eventos tanto en Estepona como en otras localidades cercanas.<\/p>\n<p>La Banda de M\u00fasica Vera+Cruz Estepona est\u00e1 compuesta por m\u00fasicos de diferentes edades y niveles de experiencia, desde j\u00f3venes promesas hasta m\u00fasicos profesionales. Su repertorio abarca una amplia variedad de estilos, desde m\u00fasica cl\u00e1sica y bandas sonoras de pel\u00edculas hasta m\u00fasica popular y tradicional.<\/p>\n<p>Uno de los aspectos m\u00e1s destacados de la Banda de M\u00fasica Vera+Cruz Estepona es su dedicaci\u00f3n a la Semana Santa de Estepona. Cada a\u00f1o, durante esta festividad religiosa, la banda acompa\u00f1a a las distintas hermandades en sus procesiones, interpretando marchas procesionales que crean una atm\u00f3sfera \u00fanica y emotiva.<\/p>\n<p>Adem\u00e1s de su participaci\u00f3n en la Semana Santa, la Banda de M\u00fasica Vera+Cruz Estepona ofrece conciertos durante todo el a\u00f1o en diferentes espacios de la localidad. Estos conciertos son una oportunidad para que los habitantes de Estepona y los visitantes puedan disfrutar de la m\u00fasica en directo y conocer el talento de los m\u00fasicos locales.<\/p>\n<p>La Banda de M\u00fasica Vera+Cruz Estepona tambi\u00e9n ha participado en numerosos eventos y cert\u00e1menes a nivel provincial y nacional, obteniendo reconocimientos y premios por su calidad interpretativa. Estas participaciones han permitido a la banda dar a conocer su trabajo m\u00e1s all\u00e1 de Estepona y establecer lazos con otras agrupaciones musicales.<\/p>\n<p>Adem\u00e1s de su labor musical, la Banda de M\u00fasica Vera+Cruz Estepona tambi\u00e9n tiene un importante papel en la formaci\u00f3n de nuevos m\u00fasicos. La banda cuenta con una escuela de m\u00fasica en la que se imparten clases de diferentes instrumentos, fomentando as\u00ed el aprendizaje musical entre los m\u00e1s j\u00f3venes y contribuyendo al desarrollo cultural de la localidad.<\/p>\n<p>En resumen, la Banda de M\u00fasica Vera+Cruz Estepona es una agrupaci\u00f3n musical con una s\u00f3lida trayectoria en la localidad de Estepona. Su dedicaci\u00f3n a la Semana Santa, su amplio repertorio y su participaci\u00f3n en eventos y cert\u00e1menes la convierten en una referencia cultural en la zona. Adem\u00e1s, su labor en la formaci\u00f3n de nuevos m\u00fasicos contribuye al enriquecimiento cultural de la comunidad.<\/p>\n","protected":false},"excerpt":{"rendered":"<p>La Banda de M\u00fasica Vera+Cruz Estepona es una agrupaci\u00f3n musical con una larga trayectoria en la localidad de Estepona, en [&hellip;]<\/p>\n","protected":false},"author":1,"featured_media":0,"comment_status":"open","ping_status":"open","sticky":false,"template":"","format":"standard","meta":{"site-sidebar-layout":"default","site-content-layout":"","ast-site-content-layout":"default","site-content-style":"default","site-sidebar-style":"default","ast-global-header-display":"","ast-banner-title-visibility":"","ast-main-header-display":"","ast-hfb-above-header-display":"","ast-hfb-below-header-display":"","ast-hfb-mobile-header-display":"","site-post-title":"","ast-breadcrumbs-content":"","ast-featured-img":"","footer-sml-layout":"","ast-disable-related-posts":"","theme-transparent-header-meta":"","adv-header-id-meta":"","stick-header-meta":"","header-above-stick-meta":"","header-main-stick-meta":"","header-below-stick-meta":"","astra-migrate-meta-layouts":"default","ast-page-background-enabled":"default","ast-page-background-meta":{"desktop":{"background-color":"var(--ast-global-color-4)","background-image":"","background-repeat":"repeat","background-position":"center center","background-size":"auto","background-attachment":"scroll","background-type":"","background-media":"","overlay-type":"","overlay-color":"","overlay-opacity":"","overlay-gradient":""},"tablet":{"background-color":"","background-image":"","background-repeat":"repeat","background-position":"center center","background-size":"auto","background-attachment":"scroll","background-type":"","background-media":"","overlay-type":"","overlay-color":"","overlay-opacity":"","overlay-gradient":""},"mobile":{"background-color":"","background-image":"","background-repeat":"repeat","background-position":"center center","background-size":"auto","background-attachment":"scroll","background-type":"","background-media":"","overlay-type":"","overlay-color":"","overlay-opacity":"","overlay-gradient":""}},"ast-content-background-meta":{"desktop":{"background-color":"var(--ast-global-color-5)","background-image":"","background-repeat":"repeat","background-position":"center center","background-size":"auto","background-attachment":"scroll","background-type":"","background-media":"","overlay-type":"","overlay-color":"","overlay-opacity":"","overlay-gradient":""},"tablet":{"background-color":"var(--ast-global-color-5)","background-image":"","background-repeat":"repeat","background-position":"center center","background-size":"auto","background-attachment":"scroll","background-type":"","background-media":"","overlay-type":"","overlay-color":"","overlay-opacity":"","overlay-gradient":""},"mobile":{"background-color":"var(--ast-global-color-5)","background-image":"","background-repeat":"repeat","background-position":"center center","background-size":"auto","background-attachment":"scroll","background-type":"","background-media":"","overlay-type":"","overlay-color":"","overlay-opacity":"","overlay-gradient":""}},"footnotes":""},"categories":[1],"tags":[],"_links":{"self":[{"href":"https:\/\/bandaveracruz.es\/index.php?rest_route=\/wp\/v2\/posts\/7"}],"collection":[{"href":"https:\/\/bandaveracruz.es\/index.php?rest_route=\/wp\/v2\/posts"}],"about":[{"href":"https:\/\/bandaveracruz.es\/index.php?rest_route=\/wp\/v2\/types\/post"}],"author":[{"embeddable":true,"href":"https:\/\/bandaveracruz.es\/index.php?rest_route=\/wp\/v2\/users\/1"}],"replies":[{"embeddable":true,"href":"https:\/\/bandaveracruz.es\/index.php?rest_route=%2Fwp%2Fv2%2Fcomments&post=7"}],"version-history":[{"count":0,"href":"https:\/\/bandaveracruz.es\/index.php?rest_route=\/wp\/v2\/posts\/7\/revisions"}],"wp:attachment":[{"href":"https:\/\/bandaveracruz.es\/index.php?rest_route=%2Fwp%2Fv2%2Fmedia&parent=7"}],"wp:term":[{"taxonomy":"category","embeddable":true,"href":"https:\/\/bandaveracruz.es\/index.php?rest_route=%2Fwp%2Fv2%2Fcategories&post=7"},{"taxonomy":"post_tag","embeddable":true,"href":"https:\/\/bandaveracruz.es\/index.php?rest_route=%2Fwp%2Fv2%2Ftags&post=7"}],"curies":[{"name":"wp","href":"https:\/\/api.w.org\/{rel}","templated":true}]}}