{"id":6,"date":"2024-01-22T13:05:57","date_gmt":"2024-01-22T12:05:57","guid":{"rendered":"http:\/\/bandaveracruz.es\/?p=6"},"modified":"2024-01-22T13:05:57","modified_gmt":"2024-01-22T12:05:57","slug":"banda-de-musica-veracruz-estepona-3","status":"publish","type":"post","link":"https:\/\/bandaveracruz.es\/?p=6","title":{"rendered":"Banda de M\u00fasica Vera+Cruz Estepona"},"content":{"rendered":"<p>La Banda de M\u00fasica Vera+Cruz Estepona es una agrupaci\u00f3n musical con una larga trayectoria en la localidad de Estepona, en la provincia de M\u00e1laga, Espa\u00f1a. Conformada por m\u00fasicos profesionales y aficionados, esta banda se ha convertido en una parte integral de la vida cultural de la ciudad.<\/p>\n<p>La historia de la Banda de M\u00fasica Vera+Cruz Estepona se remonta a sus inicios en el a\u00f1o XXXX. Desde entonces, ha evolucionado y crecido tanto en n\u00famero de miembros como en calidad musical. Con un repertorio variado que incluye m\u00fasica cl\u00e1sica, bandas sonoras, m\u00fasica espa\u00f1ola y otros estilos, la banda se ha ganado el reconocimiento y el aprecio del p\u00fablico local y de la comunidad musical en general.<\/p>\n<p>Uno de los aspectos m\u00e1s destacados de la Banda de M\u00fasica Vera+Cruz Estepona es su participaci\u00f3n en eventos y festivales tanto en la ciudad como en otras localidades de la provincia. Cada a\u00f1o, la banda ofrece conciertos en lugares emblem\u00e1ticos de Estepona, como el Auditorio Felipe VI y la Plaza de las Flores, as\u00ed como en festivales de m\u00fasica en la regi\u00f3n.<\/p>\n<p>Adem\u00e1s de su participaci\u00f3n en eventos p\u00fablicos, la banda tambi\u00e9n realiza actuaciones en eventos privados, como bodas, celebraciones y actos institucionales. Su versatilidad y profesionalismo les permiten adaptarse a diferentes estilos y requerimientos, brindando una experiencia musical \u00fanica y de calidad.<\/p>\n<p>La Banda de M\u00fasica Vera+Cruz Estepona tambi\u00e9n tiene un papel importante en la formaci\u00f3n de j\u00f3venes m\u00fasicos. A trav\u00e9s de su Escuela de M\u00fasica, la banda ofrece clases de diferentes instrumentos y promueve el amor por la m\u00fasica entre los m\u00e1s j\u00f3venes. Muchos de sus miembros actuales comenzaron su formaci\u00f3n en esta escuela y han seguido desarrollando su talento en la banda.<\/p>\n<p>La Banda de M\u00fasica Vera+Cruz Estepona es un ejemplo de dedicaci\u00f3n, pasi\u00f3n y talento musical. Su compromiso con la m\u00fasica y con la comunidad de Estepona la convierte en una instituci\u00f3n cultural invaluable para la ciudad. Ya sea disfrutando de sus conciertos o formando parte de su escuela de m\u00fasica, esta banda es una parte integral de la vida musical de Estepona.<\/p>\n<p>Si est\u00e1s interesado en conocer m\u00e1s sobre la Banda de M\u00fasica Vera+Cruz Estepona, puedes visitar su p\u00e1gina web oficial o seguir sus redes sociales para estar al tanto de sus pr\u00f3ximos conciertos y eventos. No te pierdas la oportunidad de disfrutar de la m\u00fasica en vivo y apoyar a esta talentosa agrupaci\u00f3n musical.<\/p>\n","protected":false},"excerpt":{"rendered":"<p>La Banda de M\u00fasica Vera+Cruz Estepona es una agrupaci\u00f3n musical con una larga trayectoria en la localidad de Estepona, en [&hellip;]<\/p>\n","protected":false},"author":1,"featured_media":0,"comment_status":"open","ping_status":"open","sticky":false,"template":"","format":"standard","meta":{"site-sidebar-layout":"default","site-content-layout":"","ast-site-content-layout":"default","site-content-style":"default","site-sidebar-style":"default","ast-global-header-display":"","ast-banner-title-visibility":"","ast-main-header-display":"","ast-hfb-above-header-display":"","ast-hfb-below-header-display":"","ast-hfb-mobile-header-display":"","site-post-title":"","ast-breadcrumbs-content":"","ast-featured-img":"","footer-sml-layout":"","ast-disable-related-posts":"","theme-transparent-header-meta":"","adv-header-id-meta":"","stick-header-meta":"","header-above-stick-meta":"","header-main-stick-meta":"","header-below-stick-meta":"","astra-migrate-meta-layouts":"default","ast-page-background-enabled":"default","ast-page-background-meta":{"desktop":{"background-color":"var(--ast-global-color-4)","background-image":"","background-repeat":"repeat","background-position":"center center","background-size":"auto","background-attachment":"scroll","background-type":"","background-media":"","overlay-type":"","overlay-color":"","overlay-opacity":"","overlay-gradient":""},"tablet":{"background-color":"","background-image":"","background-repeat":"repeat","background-position":"center center","background-size":"auto","background-attachment":"scroll","background-type":"","background-media":"","overlay-type":"","overlay-color":"","overlay-opacity":"","overlay-gradient":""},"mobile":{"background-color":"","background-image":"","background-repeat":"repeat","background-position":"center center","background-size":"auto","background-attachment":"scroll","background-type":"","background-media":"","overlay-type":"","overlay-color":"","overlay-opacity":"","overlay-gradient":""}},"ast-content-background-meta":{"desktop":{"background-color":"var(--ast-global-color-5)","background-image":"","background-repeat":"repeat","background-position":"center center","background-size":"auto","background-attachment":"scroll","background-type":"","background-media":"","overlay-type":"","overlay-color":"","overlay-opacity":"","overlay-gradient":""},"tablet":{"background-color":"var(--ast-global-color-5)","background-image":"","background-repeat":"repeat","background-position":"center center","background-size":"auto","background-attachment":"scroll","background-type":"","background-media":"","overlay-type":"","overlay-color":"","overlay-opacity":"","overlay-gradient":""},"mobile":{"background-color":"var(--ast-global-color-5)","background-image":"","background-repeat":"repeat","background-position":"center center","background-size":"auto","background-attachment":"scroll","background-type":"","background-media":"","overlay-type":"","overlay-color":"","overlay-opacity":"","overlay-gradient":""}},"footnotes":""},"categories":[1],"tags":[],"_links":{"self":[{"href":"https:\/\/bandaveracruz.es\/index.php?rest_route=\/wp\/v2\/posts\/6"}],"collection":[{"href":"https:\/\/bandaveracruz.es\/index.php?rest_route=\/wp\/v2\/posts"}],"about":[{"href":"https:\/\/bandaveracruz.es\/index.php?rest_route=\/wp\/v2\/types\/post"}],"author":[{"embeddable":true,"href":"https:\/\/bandaveracruz.es\/index.php?rest_route=\/wp\/v2\/users\/1"}],"replies":[{"embeddable":true,"href":"https:\/\/bandaveracruz.es\/index.php?rest_route=%2Fwp%2Fv2%2Fcomments&post=6"}],"version-history":[{"count":0,"href":"https:\/\/bandaveracruz.es\/index.php?rest_route=\/wp\/v2\/posts\/6\/revisions"}],"wp:attachment":[{"href":"https:\/\/bandaveracruz.es\/index.php?rest_route=%2Fwp%2Fv2%2Fmedia&parent=6"}],"wp:term":[{"taxonomy":"category","embeddable":true,"href":"https:\/\/bandaveracruz.es\/index.php?rest_route=%2Fwp%2Fv2%2Fcategories&post=6"},{"taxonomy":"post_tag","embeddable":true,"href":"https:\/\/bandaveracruz.es\/index.php?rest_route=%2Fwp%2Fv2%2Ftags&post=6"}],"curies":[{"name":"wp","href":"https:\/\/api.w.org\/{rel}","templated":true}]}}