{"id":5,"date":"2024-01-22T13:05:56","date_gmt":"2024-01-22T12:05:56","guid":{"rendered":"http:\/\/bandaveracruz.es\/?p=5"},"modified":"2024-01-22T13:05:56","modified_gmt":"2024-01-22T12:05:56","slug":"banda-de-musica-veracruz-estepona-2","status":"publish","type":"post","link":"https:\/\/bandaveracruz.es\/?p=5","title":{"rendered":"Banda de M\u00fasica Vera+Cruz Estepona"},"content":{"rendered":"<p>La Banda de M\u00fasica Vera+Cruz Estepona es una agrupaci\u00f3n musical con una larga trayectoria en la localidad de Estepona, en la provincia de M\u00e1laga. Conformada por m\u00fasicos apasionados por la m\u00fasica, esta banda se ha convertido en una referencia cultural en la zona.<\/p>\n<p>La Banda de M\u00fasica Vera+Cruz Estepona fue fundada hace m\u00e1s de 50 a\u00f1os y desde entonces ha trabajado arduamente para llevar la m\u00fasica a todos los rincones de la ciudad. Su repertorio abarca diversos estilos, desde m\u00fasica cl\u00e1sica hasta m\u00fasica contempor\u00e1nea, adapt\u00e1ndose a los gustos y preferencias de su p\u00fablico.<\/p>\n<p>Esta banda cuenta con un amplio n\u00famero de integrantes, todos ellos comprometidos con la m\u00fasica y con el objetivo de difundir el arte en la comunidad. Cada uno de los m\u00fasicos ha sido seleccionado cuidadosamente, demostrando su talento y dedicaci\u00f3n en cada una de sus interpretaciones.<\/p>\n<p>La Banda de M\u00fasica Vera+Cruz Estepona se presenta en diferentes eventos a lo largo del a\u00f1o, como conciertos al aire libre, desfiles y festivales. Su presencia en estas actividades contribuye a enriquecer la vida cultural de la ciudad y a acercar la m\u00fasica a todos los ciudadanos.<\/p>\n<p>Adem\u00e1s de sus presentaciones en vivo, la banda tambi\u00e9n ha participado en numerosos concursos y cert\u00e1menes, obteniendo reconocimientos y premios por su excelencia musical. Estos logros son el resultado del esfuerzo y la dedicaci\u00f3n de cada uno de los integrantes de la banda.<\/p>\n<p>La Banda de M\u00fasica Vera+Cruz Estepona tambi\u00e9n tiene un papel importante en la Semana Santa de Estepona. Durante esta festividad, la banda acompa\u00f1a a las procesiones con su m\u00fasica, creando una atm\u00f3sfera solemne y emotiva.<\/p>\n<p>Para formar parte de la Banda de M\u00fasica Vera+Cruz Estepona, es necesario tener conocimientos musicales y pasar por un proceso de selecci\u00f3n. Sin embargo, la banda tambi\u00e9n ofrece clases de m\u00fasica para aquellos que deseen aprender a tocar un instrumento y formar parte de esta agrupaci\u00f3n.<\/p>\n<p>En resumen, la Banda de M\u00fasica Vera+Cruz Estepona es una agrupaci\u00f3n musical con una s\u00f3lida trayectoria en la ciudad de Estepona. Su dedicaci\u00f3n y talento han hecho de ellos una referencia cultural en la zona, llevando la m\u00fasica a todos los rincones de la ciudad y enriqueciendo la vida cultural de la comunidad.<\/p>\n","protected":false},"excerpt":{"rendered":"<p>La Banda de M\u00fasica Vera+Cruz Estepona es una agrupaci\u00f3n musical con una larga trayectoria en la localidad de Estepona, en [&hellip;]<\/p>\n","protected":false},"author":1,"featured_media":0,"comment_status":"open","ping_status":"open","sticky":false,"template":"","format":"standard","meta":{"site-sidebar-layout":"default","site-content-layout":"","ast-site-content-layout":"default","site-content-style":"default","site-sidebar-style":"default","ast-global-header-display":"","ast-banner-title-visibility":"","ast-main-header-display":"","ast-hfb-above-header-display":"","ast-hfb-below-header-display":"","ast-hfb-mobile-header-display":"","site-post-title":"","ast-breadcrumbs-content":"","ast-featured-img":"","footer-sml-layout":"","ast-disable-related-posts":"","theme-transparent-header-meta":"","adv-header-id-meta":"","stick-header-meta":"","header-above-stick-meta":"","header-main-stick-meta":"","header-below-stick-meta":"","astra-migrate-meta-layouts":"default","ast-page-background-enabled":"default","ast-page-background-meta":{"desktop":{"background-color":"var(--ast-global-color-4)","background-image":"","background-repeat":"repeat","background-position":"center center","background-size":"auto","background-attachment":"scroll","background-type":"","background-media":"","overlay-type":"","overlay-color":"","overlay-opacity":"","overlay-gradient":""},"tablet":{"background-color":"","background-image":"","background-repeat":"repeat","background-position":"center center","background-size":"auto","background-attachment":"scroll","background-type":"","background-media":"","overlay-type":"","overlay-color":"","overlay-opacity":"","overlay-gradient":""},"mobile":{"background-color":"","background-image":"","background-repeat":"repeat","background-position":"center center","background-size":"auto","background-attachment":"scroll","background-type":"","background-media":"","overlay-type":"","overlay-color":"","overlay-opacity":"","overlay-gradient":""}},"ast-content-background-meta":{"desktop":{"background-color":"var(--ast-global-color-5)","background-image":"","background-repeat":"repeat","background-position":"center center","background-size":"auto","background-attachment":"scroll","background-type":"","background-media":"","overlay-type":"","overlay-color":"","overlay-opacity":"","overlay-gradient":""},"tablet":{"background-color":"var(--ast-global-color-5)","background-image":"","background-repeat":"repeat","background-position":"center center","background-size":"auto","background-attachment":"scroll","background-type":"","background-media":"","overlay-type":"","overlay-color":"","overlay-opacity":"","overlay-gradient":""},"mobile":{"background-color":"var(--ast-global-color-5)","background-image":"","background-repeat":"repeat","background-position":"center center","background-size":"auto","background-attachment":"scroll","background-type":"","background-media":"","overlay-type":"","overlay-color":"","overlay-opacity":"","overlay-gradient":""}},"footnotes":""},"categories":[1],"tags":[],"_links":{"self":[{"href":"https:\/\/bandaveracruz.es\/index.php?rest_route=\/wp\/v2\/posts\/5"}],"collection":[{"href":"https:\/\/bandaveracruz.es\/index.php?rest_route=\/wp\/v2\/posts"}],"about":[{"href":"https:\/\/bandaveracruz.es\/index.php?rest_route=\/wp\/v2\/types\/post"}],"author":[{"embeddable":true,"href":"https:\/\/bandaveracruz.es\/index.php?rest_route=\/wp\/v2\/users\/1"}],"replies":[{"embeddable":true,"href":"https:\/\/bandaveracruz.es\/index.php?rest_route=%2Fwp%2Fv2%2Fcomments&post=5"}],"version-history":[{"count":0,"href":"https:\/\/bandaveracruz.es\/index.php?rest_route=\/wp\/v2\/posts\/5\/revisions"}],"wp:attachment":[{"href":"https:\/\/bandaveracruz.es\/index.php?rest_route=%2Fwp%2Fv2%2Fmedia&parent=5"}],"wp:term":[{"taxonomy":"category","embeddable":true,"href":"https:\/\/bandaveracruz.es\/index.php?rest_route=%2Fwp%2Fv2%2Fcategories&post=5"},{"taxonomy":"post_tag","embeddable":true,"href":"https:\/\/bandaveracruz.es\/index.php?rest_route=%2Fwp%2Fv2%2Ftags&post=5"}],"curies":[{"name":"wp","href":"https:\/\/api.w.org\/{rel}","templated":true}]}}