{"id":4,"date":"2024-01-22T13:05:55","date_gmt":"2024-01-22T12:05:55","guid":{"rendered":"http:\/\/bandaveracruz.es\/?p=4"},"modified":"2024-01-22T13:05:55","modified_gmt":"2024-01-22T12:05:55","slug":"banda-de-musica-veracruz-estepona","status":"publish","type":"post","link":"https:\/\/bandaveracruz.es\/?p=4","title":{"rendered":"Banda de M\u00fasica Vera+Cruz Estepona"},"content":{"rendered":"<h2>Historia de la Banda de M\u00fasica Vera+Cruz Estepona<\/h2>\n<p>La Banda de M\u00fasica Vera+Cruz Estepona es una agrupaci\u00f3n musical con una rica historia y tradici\u00f3n en la localidad de Estepona, en la provincia de M\u00e1laga, Espa\u00f1a. Fundada en el a\u00f1o 1922, la banda ha sido un elemento clave en la vida cultural de la ciudad durante casi un siglo.<\/p>\n<p>Desde sus inicios, la Banda de M\u00fasica Vera+Cruz Estepona ha tenido como objetivo principal difundir y promover la m\u00fasica entre los habitantes de la localidad. A lo largo de los a\u00f1os, ha participado en numerosos conciertos, festivales y eventos tanto en Estepona como en otras localidades de la provincia.<\/p>\n<h2>Repertorio y Estilo Musical<\/h2>\n<p>La banda cuenta con un amplio repertorio que abarca diferentes estilos y g\u00e9neros musicales. Desde m\u00fasica cl\u00e1sica y sinf\u00f3nica hasta m\u00fasica popular y tradicional, la Banda de M\u00fasica Vera+Cruz Estepona ofrece un abanico de opciones para todos los gustos.<\/p>\n<p>Adem\u00e1s de interpretar obras de compositores reconocidos, la banda tambi\u00e9n ha trabajado en la creaci\u00f3n y estreno de composiciones originales, enriqueciendo as\u00ed su repertorio y contribuyendo al desarrollo de la m\u00fasica local.<\/p>\n<h2>Participaci\u00f3n en Eventos Locales y Nacionales<\/h2>\n<p>La Banda de M\u00fasica Vera+Cruz Estepona no solo ha participado en eventos locales, sino que tambi\u00e9n ha representado a la ciudad en numerosas ocasiones a nivel nacional. Ha participado en cert\u00e1menes y concursos de bandas de m\u00fasica, obteniendo reconocimientos y premios por su destacada interpretaci\u00f3n.<\/p>\n<p>Asimismo, la banda ha acompa\u00f1ado a diferentes cofrad\u00edas y hermandades durante la Semana Santa de Estepona, aportando su m\u00fasica y solemnidad a los desfiles procesionales.<\/p>\n<h2>Formaci\u00f3n y Proyectos Sociales<\/h2>\n<p>La Banda de M\u00fasica Vera+Cruz Estepona est\u00e1 formada por m\u00fasicos de diferentes edades y niveles de experiencia. Muchos de sus miembros son j\u00f3venes estudiantes de m\u00fasica que encuentran en la banda una oportunidad para desarrollar sus habilidades y compartir su pasi\u00f3n por la m\u00fasica.<\/p>\n<p>Adem\u00e1s de sus actividades musicales, la banda tambi\u00e9n participa en proyectos sociales y solidarios. Colabora con diferentes organizaciones y entidades locales en la realizaci\u00f3n de conciertos ben\u00e9ficos, contribuyendo as\u00ed al bienestar de la comunidad.<\/p>\n<h2>Proyecci\u00f3n Futura<\/h2>\n<p>La Banda de M\u00fasica Vera+Cruz Estepona sigue trabajando con entusiasmo y dedicaci\u00f3n para seguir siendo un referente musical en la ciudad. Su compromiso con la m\u00fasica y la comunidad se refleja en su constante b\u00fasqueda de nuevos retos y proyectos.<\/p>\n<p>Con su larga trayectoria y su pasi\u00f3n por la m\u00fasica, la Banda de M\u00fasica Vera+Cruz Estepona contin\u00faa emocionando a su p\u00fablico y dejando huella en la historia musical de la ciudad.<\/p>\n","protected":false},"excerpt":{"rendered":"<p>Historia de la Banda de M\u00fasica Vera+Cruz Estepona La Banda de M\u00fasica Vera+Cruz Estepona es una agrupaci\u00f3n musical con una [&hellip;]<\/p>\n","protected":false},"author":1,"featured_media":0,"comment_status":"open","ping_status":"open","sticky":false,"template":"","format":"standard","meta":{"site-sidebar-layout":"default","site-content-layout":"","ast-site-content-layout":"default","site-content-style":"default","site-sidebar-style":"default","ast-global-header-display":"","ast-banner-title-visibility":"","ast-main-header-display":"","ast-hfb-above-header-display":"","ast-hfb-below-header-display":"","ast-hfb-mobile-header-display":"","site-post-title":"","ast-breadcrumbs-content":"","ast-featured-img":"","footer-sml-layout":"","ast-disable-related-posts":"","theme-transparent-header-meta":"","adv-header-id-meta":"","stick-header-meta":"","header-above-stick-meta":"","header-main-stick-meta":"","header-below-stick-meta":"","astra-migrate-meta-layouts":"default","ast-page-background-enabled":"default","ast-page-background-meta":{"desktop":{"background-color":"var(--ast-global-color-4)","background-image":"","background-repeat":"repeat","background-position":"center center","background-size":"auto","background-attachment":"scroll","background-type":"","background-media":"","overlay-type":"","overlay-color":"","overlay-opacity":"","overlay-gradient":""},"tablet":{"background-color":"","background-image":"","background-repeat":"repeat","background-position":"center center","background-size":"auto","background-attachment":"scroll","background-type":"","background-media":"","overlay-type":"","overlay-color":"","overlay-opacity":"","overlay-gradient":""},"mobile":{"background-color":"","background-image":"","background-repeat":"repeat","background-position":"center center","background-size":"auto","background-attachment":"scroll","background-type":"","background-media":"","overlay-type":"","overlay-color":"","overlay-opacity":"","overlay-gradient":""}},"ast-content-background-meta":{"desktop":{"background-color":"var(--ast-global-color-5)","background-image":"","background-repeat":"repeat","background-position":"center center","background-size":"auto","background-attachment":"scroll","background-type":"","background-media":"","overlay-type":"","overlay-color":"","overlay-opacity":"","overlay-gradient":""},"tablet":{"background-color":"var(--ast-global-color-5)","background-image":"","background-repeat":"repeat","background-position":"center center","background-size":"auto","background-attachment":"scroll","background-type":"","background-media":"","overlay-type":"","overlay-color":"","overlay-opacity":"","overlay-gradient":""},"mobile":{"background-color":"var(--ast-global-color-5)","background-image":"","background-repeat":"repeat","background-position":"center center","background-size":"auto","background-attachment":"scroll","background-type":"","background-media":"","overlay-type":"","overlay-color":"","overlay-opacity":"","overlay-gradient":""}},"footnotes":""},"categories":[1],"tags":[],"_links":{"self":[{"href":"https:\/\/bandaveracruz.es\/index.php?rest_route=\/wp\/v2\/posts\/4"}],"collection":[{"href":"https:\/\/bandaveracruz.es\/index.php?rest_route=\/wp\/v2\/posts"}],"about":[{"href":"https:\/\/bandaveracruz.es\/index.php?rest_route=\/wp\/v2\/types\/post"}],"author":[{"embeddable":true,"href":"https:\/\/bandaveracruz.es\/index.php?rest_route=\/wp\/v2\/users\/1"}],"replies":[{"embeddable":true,"href":"https:\/\/bandaveracruz.es\/index.php?rest_route=%2Fwp%2Fv2%2Fcomments&post=4"}],"version-history":[{"count":0,"href":"https:\/\/bandaveracruz.es\/index.php?rest_route=\/wp\/v2\/posts\/4\/revisions"}],"wp:attachment":[{"href":"https:\/\/bandaveracruz.es\/index.php?rest_route=%2Fwp%2Fv2%2Fmedia&parent=4"}],"wp:term":[{"taxonomy":"category","embeddable":true,"href":"https:\/\/bandaveracruz.es\/index.php?rest_route=%2Fwp%2Fv2%2Fcategories&post=4"},{"taxonomy":"post_tag","embeddable":true,"href":"https:\/\/bandaveracruz.es\/index.php?rest_route=%2Fwp%2Fv2%2Ftags&post=4"}],"curies":[{"name":"wp","href":"https:\/\/api.w.org\/{rel}","templated":true}]}}